{"id":1014,"date":"2015-06-06T15:40:17","date_gmt":"2015-06-06T13:40:17","guid":{"rendered":"http:\/\/wordpress.human-wildlife.info\/?p=1014"},"modified":"2020-09-07T06:44:06","modified_gmt":"2020-09-07T05:44:06","slug":"2015-schulprojekte-schwarzwald-thema-wolf-und-luchs","status":"publish","type":"post","link":"http:\/\/wordpress.human-wildlife.info\/?p=1014","title":{"rendered":"Schulprojekte Naturparks im Schwarzwald: Thema Wolf und Luchs"},"content":{"rendered":"<h3 style=\"text-align: left;\" align=\"CENTER\"><strong>Schultage zum Thema Wolf und Luchs in den Naturparks im Schwarzwald<br \/>\n<\/strong><\/h3>\n<p>W\u00f6lfe und Luchse breiten sich in M<b><a href=\"http:\/\/wordpress.human-wildlife.info\/wp-content\/uploads\/2014\/03\/Luchs.jpg\"><img loading=\"lazy\" class=\"alignleft\" src=\"http:\/\/wordpress.human-wildlife.info\/wp-content\/uploads\/2014\/03\/Luchs.jpg\" alt=\"Luchs\" width=\"250\" height=\"184\" \/><\/a><\/b>itteleuropa wieder aus. Der Schwarzwald stellt dabei einen durchaus geeigneter Lebensraum f\u00fcr Wolf und Luchs dar. Vor \u00fcber 100 Jahren wurden sie in Deutschland und vielen anderen europ\u00e4ischen Regionen ausgerottet.<\/p>\n<p>Seit einigen Jahren gibt es in Baden-W\u00fcrttemberg einzelne Luchskater (Kuder) aber es konnten soweit keine Luchsinnen nachgeweisen werden. Seit 2015 gibt es j\u00e4hrlich best\u00e4tigte Nachweise einzelner W\u00f6lfe. Seit 2018 gibt es einen ans\u00e4ssigen Wolfsr\u00fcden im Nordschwarzwald, und seit 2020 einen weiteren ans\u00e4ssigen Wolfsr\u00fcden im S\u00fcdschwarzwald. Hinzu kommen jedes Jahr weitere Durchz\u00fcgler. Diese W\u00f6lfe kommen aus der Schweiz und aus Norddeutschland. Es ist nur eine Frage der Zeit, bis zum ersten Wolfsrudel im Schwarzwald.<\/p>\n<h2><a title=\"Schulprojekte Schwarzwald Thema: Wolf, Luchs, Mensch\" href=\"http:\/\/wordpress.human-wildlife.info\/?p=1122\">Schultag: Inhalte und Ablauf, weiterlesen&#8230;&#8230;<\/a><\/h2>\n<h3 align=\"LEFT\"><strong>Schulen im Naturpark S\u00fcdschwarzwald und Naturpark Schwarzwald Mitte\/Nord<a href=\"http:\/\/wordpress.human-wildlife.info\/wp-content\/uploads\/2014\/03\/Crai-young-face.jpg\"><img loading=\"lazy\" class=\"wp-image-761 alignright\" src=\"http:\/\/wordpress.human-wildlife.info\/wp-content\/uploads\/2014\/03\/Crai-young-face.jpg\" alt=\"Crai young face\" width=\"180\" height=\"229\" srcset=\"http:\/\/wordpress.human-wildlife.info\/wp-content\/uploads\/2014\/03\/Crai-young-face.jpg 200w, http:\/\/wordpress.human-wildlife.info\/wp-content\/uploads\/2014\/03\/Crai-young-face-118x150.jpg 118w\" sizes=\"(max-width: 180px) 100vw, 180px\" \/><\/a><\/strong><\/h3>\n<p align=\"LEFT\">In den beiden Naturparks versuchen wir jedes Jahr ausreichend Finanzmittel zu finden um insgesamt 25-35 Schulvormittage zum Thema \u201eLuchs und Wolf\u201c kostenlos anbieten zu k\u00f6nnen. Gef\u00f6rdert wurden die Projekt bisher mit Hilfe der F\u00f6rdermittel des Naturpark Schwarzwald Mitte\/Nord, des Naturpark S\u00fcdschwarzwald, und Spenden der Luchsinitiative Baden-W\u00fcrttemberg, dem WWF Deutschland und unseren Spenden.<\/p>\n<h3 align=\"LEFT\"><strong>Sonstige Schulen<\/strong><\/h3>\n<p>Wir bem\u00fchen uns auch finanzielle Mittel zu finden f\u00fcr Schulen in anderen Regionen.<\/p>\n<h3 align=\"LEFT\"><strong>Referent<\/strong><\/h3>\n<p align=\"LEFT\">Referent im Auftrag des Vereins, war bisher Peter S\u00fcrth. Seit 1996 besch\u00e4ftigt er sich mit den gro\u00dfen Beutegreifern in Europa. Viele Jahre hat er das Verhalten von W\u00f6lfen, Luchsen und Braunb\u00e4ren erforscht als Mitarbeiter eines internationalen Forscherteams in den rum\u00e4nischen Karpaten. Seit 2005 unternimmt er Wanderexpeditionen durch Europa um mehr \u00fcber die unterschiedlichen Lebensr\u00e4ume zu erfahren. So ist er 2005 von Rum\u00e4nien nach Deutschland gewandert. Regelm\u00e4\u00dfig durchwandert er weitere Regionen.<\/p>\n<h3><strong>F\u00f6rderhinweis:<\/strong><\/h3>\n<p>In den beiden Naturparks wurden die Projekt gef\u00f6rdert durch den Naturpark S\u00fcdschwarzwald und den Naturpark Schwarzwald Mitte\/Nord mit Mitteln des Landes Baden-W\u00fcrttemberg, der Lotterie Gl\u00fccksspirale und der Europ\u00e4ischen Union (ELER).<strong><br \/>\n<\/strong><\/p>\n<p><a href=\"http:\/\/www.naturparkschwarzwald.de\" target=\"_blank\" rel=\"noopener noreferrer\"><img loading=\"lazy\" src=\"http:\/\/wordpress.human-wildlife.info\/wp-content\/uploads\/2014\/06\/Logo-Nordschwarzwald-e1402637409302.jpg\" alt=\"Logo Nordschwarzwald\" width=\"228\" height=\"50\" \/><\/a><a href=\"http:\/\/www.naturpark-suedschwarzwald.de\/\" target=\"_blank\" rel=\"noopener noreferrer\"> <img loading=\"lazy\" src=\"http:\/\/wordpress.human-wildlife.info\/wp-content\/uploads\/2014\/05\/NP-SSW-Logo_4c-e1401274218726.jpg\" alt=\"\" width=\"248\" height=\"50\" \/><\/a>\u00a0 <a href=\"http:\/\/wordpress.human-wildlife.info\/wp-content\/uploads\/2014\/06\/Foerderhinweis_3er-Kombi-e1402637450817.jpg\"><img loading=\"lazy\" src=\"http:\/\/wordpress.human-wildlife.info\/wp-content\/uploads\/2014\/06\/Foerderhinweis_3er-Kombi-e1402637450817.jpg\" alt=\"Foerderhinweis_3er-Kombi\" width=\"200\" height=\"50\" \/><\/a><\/p>\n<h3><strong>F\u00f6rderer und Partner des Gesamtprojektes:<br \/>\n<\/strong><\/h3>\n<p>Human-Wildlife Info e.V wird bei diesem Bildungsprojekt zus\u00e4tzlich unterst\u00fctzt vom WWF Deutschland und von der Luchsinitiaitive Baden-W\u00fcrttemberg.<\/p>\n<p><a href=\"http:\/\/www.luchs-bw.de\/\" target=\"_blank\" rel=\"noopener noreferrer\"><img loading=\"lazy\" src=\"http:\/\/wordpress.human-wildlife.info\/wp-content\/uploads\/2014\/05\/Logo_Luchs_BW-e1401273712110.jpg\" alt=\"Logo_End_korrg\" width=\"171\" height=\"129\" \/><\/a><a href=\"http:\/\/www.lbbw.de\/de\/verantwortung\/stiftungen_landesbank_baden_wuerttemberg\/stiftungen_landesbank_baden_wuerttemberg.jsp\" target=\"_blank\" rel=\"noopener noreferrer\">\u00a0\u00a0 <\/a><a href=\"http:\/\/wordpress.human-wildlife.info\/wp-content\/uploads\/2015\/06\/NoTab_WWF_Panda_A4.jpg\"><img loading=\"lazy\" class=\" wp-image-1038 alignleft\" src=\"http:\/\/wordpress.human-wildlife.info\/wp-content\/uploads\/2015\/06\/NoTab_WWF_Panda_A4-200x300.jpg\" alt=\"Druck\" width=\"85\" height=\"128\" srcset=\"http:\/\/wordpress.human-wildlife.info\/wp-content\/uploads\/2015\/06\/NoTab_WWF_Panda_A4-200x300.jpg 200w, http:\/\/wordpress.human-wildlife.info\/wp-content\/uploads\/2015\/06\/NoTab_WWF_Panda_A4-100x150.jpg 100w, http:\/\/wordpress.human-wildlife.info\/wp-content\/uploads\/2015\/06\/NoTab_WWF_Panda_A4.jpg 236w\" sizes=\"(max-width: 85px) 100vw, 85px\" \/><\/a><\/p>\n<h3>Kostentransparenz pro gef\u00f6rderten Schulprojekttag im Naturpark:<\/h3>\n<p>Beim Naturpark Schwarzwald Mitte\/Nord und Naturpark S\u00fcdschwarzwald wurde ein F\u00f6derantrag \u00fcber eine Summe von 350,00\u20ac Netto\/Schule gestellt. Diese Summe kommt wie folgt zustande. 250\u20ac Honorar\/Schule f\u00fcr den Referenten, und 100\u20ac\/Schule f\u00fcr die Fahrtkosten, Spesen, B\u00fcro und Organisationskosten. Hinzu kommt die Umsatzsteuer von 19%. Das sind dann Brutto 416,50\u20ac\/Schule.<\/p>\n<p>Die Finanzmittel sollen wir folgt verteilt werden: Naturparkf\u00f6rderung 60% des Nettobetrags also 210,00\u20ac\/Schule. 216,50\u20ac\/Schule m\u00fcssen wir vom Verein\/Schule innerhalb der Naturparkf\u00f6rderkulissen selber finanzieren.<\/p>\n","protected":false},"excerpt":{"rendered":"<p>Schultage zum Thema Wolf und Luchs in den Naturparks im Schwarzwald W\u00f6lfe und Luchse breiten sich in Mitteleuropa wieder aus. Der Schwarzwald stellt dabei einen durchaus geeigneter Lebensraum f\u00fcr Wolf und Luchs dar. Vor \u00fcber 100 Jahren wurden sie in Deutschland und vielen anderen europ\u00e4ischen Regionen ausgerottet. Seit einigen Jahrenweiterlesen <a class=\"continue-reading-link\" href=\"http:\/\/wordpress.human-wildlife.info\/?p=1014\"> Continue reading <span class=\"meta-nav\">&rarr; <\/span><\/a><\/p>\n","protected":false},"author":1,"featured_media":0,"comment_status":"closed","ping_status":"closed","sticky":false,"template":"","format":"standard","meta":[],"categories":[1],"tags":[],"_links":{"self":[{"href":"http:\/\/wordpress.human-wildlife.info\/index.php?rest_route=\/wp\/v2\/posts\/1014"}],"collection":[{"href":"http:\/\/wordpress.human-wildlife.info\/index.php?rest_route=\/wp\/v2\/posts"}],"about":[{"href":"http:\/\/wordpress.human-wildlife.info\/index.php?rest_route=\/wp\/v2\/types\/post"}],"author":[{"embeddable":true,"href":"http:\/\/wordpress.human-wildlife.info\/index.php?rest_route=\/wp\/v2\/users\/1"}],"replies":[{"embeddable":true,"href":"http:\/\/wordpress.human-wildlife.info\/index.php?rest_route=%2Fwp%2Fv2%2Fcomments&post=1014"}],"version-history":[{"count":32,"href":"http:\/\/wordpress.human-wildlife.info\/index.php?rest_route=\/wp\/v2\/posts\/1014\/revisions"}],"predecessor-version":[{"id":1484,"href":"http:\/\/wordpress.human-wildlife.info\/index.php?rest_route=\/wp\/v2\/posts\/1014\/revisions\/1484"}],"wp:attachment":[{"href":"http:\/\/wordpress.human-wildlife.info\/index.php?rest_route=%2Fwp%2Fv2%2Fmedia&parent=1014"}],"wp:term":[{"taxonomy":"category","embeddable":true,"href":"http:\/\/wordpress.human-wildlife.info\/index.php?rest_route=%2Fwp%2Fv2%2Fcategories&post=1014"},{"taxonomy":"post_tag","embeddable":true,"href":"http:\/\/wordpress.human-wildlife.info\/index.php?rest_route=%2Fwp%2Fv2%2Ftags&post=1014"}],"curies":[{"name":"wp","href":"https:\/\/api.w.org\/{rel}","templated":true}]}}